{"id":315,"date":"2018-06-11T12:23:37","date_gmt":"2018-06-11T10:23:37","guid":{"rendered":"http:\/\/raumgestaltung-braeuniger.de\/?p=315"},"modified":"2025-09-02T13:05:28","modified_gmt":"2025-09-02T11:05:28","slug":"zebra-ins-zimmer","status":"publish","type":"post","link":"https:\/\/raumgestaltung-braeuniger.de\/?p=315","title":{"rendered":"Zebra ins Zimmer"},"content":{"rendered":"<p>Ein historisches Geb\u00e4ude im Zentrum Dresdens durfte innen stilgerecht geschm\u00fcckt werden. Ein warmes Grau in breiten Streifen erzeugte sowohl ein erh\u00f6htes Raumgef\u00fchl als auch einen historischen Touch.<\/p>\n\n\n<figure class=\"wp-block-image size-large\"><img loading=\"lazy\" decoding=\"async\" width=\"1024\" height=\"768\" src=\"https:\/\/raumgestaltung-braeuniger.de\/wp-content\/uploads\/Schue2-1024x768.jpg\" alt=\"\" class=\"wp-image-320\" srcset=\"https:\/\/raumgestaltung-braeuniger.de\/wp-content\/uploads\/Schue2-1024x768.jpg 1024w, https:\/\/raumgestaltung-braeuniger.de\/wp-content\/uploads\/Schue2-300x225.jpg 300w, https:\/\/raumgestaltung-braeuniger.de\/wp-content\/uploads\/Schue2-768x576.jpg 768w, https:\/\/raumgestaltung-braeuniger.de\/wp-content\/uploads\/Schue2-750x563.jpg 750w, https:\/\/raumgestaltung-braeuniger.de\/wp-content\/uploads\/Schue2.jpg 1200w\" sizes=\"auto, (max-width: 1024px) 100vw, 1024px\" \/><\/figure>\n\n\n\n<figure class=\"wp-block-image size-large\"><img loading=\"lazy\" decoding=\"async\" width=\"1024\" height=\"768\" src=\"https:\/\/raumgestaltung-braeuniger.de\/wp-content\/uploads\/Schue3-1024x768.jpg\" alt=\"\" class=\"wp-image-318\" srcset=\"https:\/\/raumgestaltung-braeuniger.de\/wp-content\/uploads\/Schue3-1024x768.jpg 1024w, https:\/\/raumgestaltung-braeuniger.de\/wp-content\/uploads\/Schue3-300x225.jpg 300w, https:\/\/raumgestaltung-braeuniger.de\/wp-content\/uploads\/Schue3-768x576.jpg 768w, https:\/\/raumgestaltung-braeuniger.de\/wp-content\/uploads\/Schue3-750x563.jpg 750w, https:\/\/raumgestaltung-braeuniger.de\/wp-content\/uploads\/Schue3.jpg 1200w\" sizes=\"auto, (max-width: 1024px) 100vw, 1024px\" \/><\/figure>\n","protected":false},"excerpt":{"rendered":"<p>Ein historisches Geb\u00e4ude im Zentrum Dresdens durfte innen stilgerecht geschm\u00fcckt werden. Ein warmes Grau in breiten Streifen erzeugte sowohl ein erh\u00f6htes Raumgef\u00fchl als&#8230;<\/p>\n","protected":false},"author":1,"featured_media":318,"comment_status":"open","ping_status":"open","sticky":false,"template":"","format":"standard","meta":{"footnotes":""},"categories":[3,2],"tags":[],"class_list":["post-315","post","type-post","status-publish","format-standard","has-post-thumbnail","hentry","category-ausbau-raumausstattung","category-malern-renovieren"],"aioseo_notices":[],"_links":{"self":[{"href":"https:\/\/raumgestaltung-braeuniger.de\/index.php?rest_route=\/wp\/v2\/posts\/315","targetHints":{"allow":["GET"]}}],"collection":[{"href":"https:\/\/raumgestaltung-braeuniger.de\/index.php?rest_route=\/wp\/v2\/posts"}],"about":[{"href":"https:\/\/raumgestaltung-braeuniger.de\/index.php?rest_route=\/wp\/v2\/types\/post"}],"author":[{"embeddable":true,"href":"https:\/\/raumgestaltung-braeuniger.de\/index.php?rest_route=\/wp\/v2\/users\/1"}],"replies":[{"embeddable":true,"href":"https:\/\/raumgestaltung-braeuniger.de\/index.php?rest_route=%2Fwp%2Fv2%2Fcomments&post=315"}],"version-history":[{"count":3,"href":"https:\/\/raumgestaltung-braeuniger.de\/index.php?rest_route=\/wp\/v2\/posts\/315\/revisions"}],"predecessor-version":[{"id":713,"href":"https:\/\/raumgestaltung-braeuniger.de\/index.php?rest_route=\/wp\/v2\/posts\/315\/revisions\/713"}],"wp:featuredmedia":[{"embeddable":true,"href":"https:\/\/raumgestaltung-braeuniger.de\/index.php?rest_route=\/wp\/v2\/media\/318"}],"wp:attachment":[{"href":"https:\/\/raumgestaltung-braeuniger.de\/index.php?rest_route=%2Fwp%2Fv2%2Fmedia&parent=315"}],"wp:term":[{"taxonomy":"category","embeddable":true,"href":"https:\/\/raumgestaltung-braeuniger.de\/index.php?rest_route=%2Fwp%2Fv2%2Fcategories&post=315"},{"taxonomy":"post_tag","embeddable":true,"href":"https:\/\/raumgestaltung-braeuniger.de\/index.php?rest_route=%2Fwp%2Fv2%2Ftags&post=315"}],"curies":[{"name":"wp","href":"https:\/\/api.w.org\/{rel}","templated":true}]}}