{"id":33,"date":"2017-06-24T14:31:03","date_gmt":"2017-06-24T12:31:03","guid":{"rendered":"http:\/\/raumgestaltung-braeuniger.de\/?p=33"},"modified":"2018-04-27T12:13:14","modified_gmt":"2018-04-27T10:13:14","slug":"kellerraeume-fussboden","status":"publish","type":"post","link":"https:\/\/raumgestaltung-braeuniger.de\/?p=33","title":{"rendered":"Kellerr\u00e4ume, Fu\u00dfboden, Comeniusstra\u00dfe"},"content":{"rendered":"<p>In einem Mietshaus der Dresdner Comeniusstra\u00dfe sollten Gemeinschaftsr\u00e4ume und Anlagenr\u00e4ume gemalert und au\u00dferdem der Fu\u00dfbodenbelag &#8211; eine schlagfeste Kunststoffbeschichtung &#8211; erneuert werden. Viele Risse galt es dabei zu schlie\u00dfen.<\/p>\n<figure id=\"attachment_34\" aria-describedby=\"caption-attachment-34\" style=\"width: 768px\" class=\"wp-caption alignnone\"><img loading=\"lazy\" decoding=\"async\" class=\"wp-image-34 size-large\" src=\"https:\/\/raumgestaltung-braeuniger.de\/wp-content\/uploads\/20160427_114319-e1498307408581-768x1024.jpg\" alt=\"\" width=\"768\" height=\"1024\" srcset=\"https:\/\/raumgestaltung-braeuniger.de\/wp-content\/uploads\/20160427_114319-e1498307408581-768x1024.jpg 768w, https:\/\/raumgestaltung-braeuniger.de\/wp-content\/uploads\/20160427_114319-e1498307408581-225x300.jpg 225w, https:\/\/raumgestaltung-braeuniger.de\/wp-content\/uploads\/20160427_114319-e1498307408581-750x1000.jpg 750w\" sizes=\"auto, (max-width: 768px) 100vw, 768px\" \/><figcaption id=\"caption-attachment-34\" class=\"wp-caption-text\">Risse, Farbreste, Schmutz, wohin das Auge blickt<\/figcaption><\/figure>\n<figure id=\"attachment_35\" aria-describedby=\"caption-attachment-35\" style=\"width: 768px\" class=\"wp-caption alignnone\"><img loading=\"lazy\" decoding=\"async\" class=\"wp-image-35 size-large\" src=\"https:\/\/raumgestaltung-braeuniger.de\/wp-content\/uploads\/20160504_110900-e1498307422937-768x1024.jpg\" alt=\"\" width=\"768\" height=\"1024\" srcset=\"https:\/\/raumgestaltung-braeuniger.de\/wp-content\/uploads\/20160504_110900-e1498307422937-768x1024.jpg 768w, https:\/\/raumgestaltung-braeuniger.de\/wp-content\/uploads\/20160504_110900-e1498307422937-225x300.jpg 225w, https:\/\/raumgestaltung-braeuniger.de\/wp-content\/uploads\/20160504_110900-e1498307422937-750x1000.jpg 750w\" sizes=\"auto, (max-width: 768px) 100vw, 768px\" \/><figcaption id=\"caption-attachment-35\" class=\"wp-caption-text\">W\u00e4nde und Fu\u00dfb\u00f6den repariert, gespachtelt, gestrichen<\/figcaption><\/figure>\n<figure id=\"attachment_36\" aria-describedby=\"caption-attachment-36\" style=\"width: 768px\" class=\"wp-caption alignnone\"><img loading=\"lazy\" decoding=\"async\" class=\"wp-image-36 size-large\" src=\"https:\/\/raumgestaltung-braeuniger.de\/wp-content\/uploads\/20160504_110942-e1498307437194-768x1024.jpg\" alt=\"\" width=\"768\" height=\"1024\" srcset=\"https:\/\/raumgestaltung-braeuniger.de\/wp-content\/uploads\/20160504_110942-e1498307437194-768x1024.jpg 768w, https:\/\/raumgestaltung-braeuniger.de\/wp-content\/uploads\/20160504_110942-e1498307437194-225x300.jpg 225w, https:\/\/raumgestaltung-braeuniger.de\/wp-content\/uploads\/20160504_110942-e1498307437194-750x1000.jpg 750w\" sizes=\"auto, (max-width: 768px) 100vw, 768px\" \/><figcaption id=\"caption-attachment-36\" class=\"wp-caption-text\">W\u00e4nde und Fu\u00dfb\u00f6den sachgerecht renoviert<\/figcaption><\/figure>\n<p>&nbsp;<\/p>\n","protected":false},"excerpt":{"rendered":"<p>In einem Mietshaus der Dresdner Comeniusstra\u00dfe sollten Gemeinschaftsr\u00e4ume und Anlagenr\u00e4ume gemalert und au\u00dferdem der Fu\u00dfbodenbelag &#8211; eine schlagfeste Kunststoffbeschichtung &#8211; erneuert werden. Viele&#8230;<\/p>\n","protected":false},"author":1,"featured_media":35,"comment_status":"open","ping_status":"open","sticky":false,"template":"","format":"standard","meta":{"footnotes":""},"categories":[2],"tags":[],"class_list":["post-33","post","type-post","status-publish","format-standard","has-post-thumbnail","hentry","category-malern-renovieren"],"aioseo_notices":[],"_links":{"self":[{"href":"https:\/\/raumgestaltung-braeuniger.de\/index.php?rest_route=\/wp\/v2\/posts\/33","targetHints":{"allow":["GET"]}}],"collection":[{"href":"https:\/\/raumgestaltung-braeuniger.de\/index.php?rest_route=\/wp\/v2\/posts"}],"about":[{"href":"https:\/\/raumgestaltung-braeuniger.de\/index.php?rest_route=\/wp\/v2\/types\/post"}],"author":[{"embeddable":true,"href":"https:\/\/raumgestaltung-braeuniger.de\/index.php?rest_route=\/wp\/v2\/users\/1"}],"replies":[{"embeddable":true,"href":"https:\/\/raumgestaltung-braeuniger.de\/index.php?rest_route=%2Fwp%2Fv2%2Fcomments&post=33"}],"version-history":[{"count":3,"href":"https:\/\/raumgestaltung-braeuniger.de\/index.php?rest_route=\/wp\/v2\/posts\/33\/revisions"}],"predecessor-version":[{"id":299,"href":"https:\/\/raumgestaltung-braeuniger.de\/index.php?rest_route=\/wp\/v2\/posts\/33\/revisions\/299"}],"wp:featuredmedia":[{"embeddable":true,"href":"https:\/\/raumgestaltung-braeuniger.de\/index.php?rest_route=\/wp\/v2\/media\/35"}],"wp:attachment":[{"href":"https:\/\/raumgestaltung-braeuniger.de\/index.php?rest_route=%2Fwp%2Fv2%2Fmedia&parent=33"}],"wp:term":[{"taxonomy":"category","embeddable":true,"href":"https:\/\/raumgestaltung-braeuniger.de\/index.php?rest_route=%2Fwp%2Fv2%2Fcategories&post=33"},{"taxonomy":"post_tag","embeddable":true,"href":"https:\/\/raumgestaltung-braeuniger.de\/index.php?rest_route=%2Fwp%2Fv2%2Ftags&post=33"}],"curies":[{"name":"wp","href":"https:\/\/api.w.org\/{rel}","templated":true}]}}