{"id":341,"date":"2018-06-25T10:17:01","date_gmt":"2018-06-25T08:17:01","guid":{"rendered":"http:\/\/raumgestaltung-braeuniger.de\/?p=341"},"modified":"2025-09-02T13:07:48","modified_gmt":"2025-09-02T11:07:48","slug":"das-goldene-vlies","status":"publish","type":"post","link":"https:\/\/raumgestaltung-braeuniger.de\/?p=341","title":{"rendered":"Das Goldene Vlies"},"content":{"rendered":"<p>Nicht nur Argonauten trachten danach, auch f\u00fcr geschmackvolle Innenausstattung taugt es. Geradlinigkeit ist eine gute Eigenschaft auch f\u00fcr Tapete. Daf\u00fcr setze ich auch gerne den Laser ein und klebe die Tapete dann on-line.<\/p>\n\n\n<figure class=\"wp-block-image size-large\"><img loading=\"lazy\" decoding=\"async\" width=\"768\" height=\"1024\" src=\"https:\/\/raumgestaltung-braeuniger.de\/wp-content\/uploads\/Vlies_01-768x1024.jpg\" alt=\"\" class=\"wp-image-328\" srcset=\"https:\/\/raumgestaltung-braeuniger.de\/wp-content\/uploads\/Vlies_01-768x1024.jpg 768w, https:\/\/raumgestaltung-braeuniger.de\/wp-content\/uploads\/Vlies_01-225x300.jpg 225w, https:\/\/raumgestaltung-braeuniger.de\/wp-content\/uploads\/Vlies_01-750x1000.jpg 750w, https:\/\/raumgestaltung-braeuniger.de\/wp-content\/uploads\/Vlies_01.jpg 800w\" sizes=\"auto, (max-width: 768px) 100vw, 768px\" \/><\/figure>\n\n\n\n<figure class=\"wp-block-image size-large\"><img loading=\"lazy\" decoding=\"async\" width=\"1024\" height=\"768\" src=\"https:\/\/raumgestaltung-braeuniger.de\/wp-content\/uploads\/Vlies_00-1024x768.jpg\" alt=\"\" class=\"wp-image-330\" srcset=\"https:\/\/raumgestaltung-braeuniger.de\/wp-content\/uploads\/Vlies_00-1024x768.jpg 1024w, https:\/\/raumgestaltung-braeuniger.de\/wp-content\/uploads\/Vlies_00-300x225.jpg 300w, https:\/\/raumgestaltung-braeuniger.de\/wp-content\/uploads\/Vlies_00-768x576.jpg 768w, https:\/\/raumgestaltung-braeuniger.de\/wp-content\/uploads\/Vlies_00-750x562.jpg 750w, https:\/\/raumgestaltung-braeuniger.de\/wp-content\/uploads\/Vlies_00.jpg 1067w\" sizes=\"auto, (max-width: 1024px) 100vw, 1024px\" \/><\/figure>\n\n\n\n<figure class=\"wp-block-image size-large\"><img loading=\"lazy\" decoding=\"async\" width=\"1024\" height=\"768\" src=\"https:\/\/raumgestaltung-braeuniger.de\/wp-content\/uploads\/Vlies_02-1024x768.jpg\" alt=\"\" class=\"wp-image-329\" srcset=\"https:\/\/raumgestaltung-braeuniger.de\/wp-content\/uploads\/Vlies_02-1024x768.jpg 1024w, https:\/\/raumgestaltung-braeuniger.de\/wp-content\/uploads\/Vlies_02-300x225.jpg 300w, https:\/\/raumgestaltung-braeuniger.de\/wp-content\/uploads\/Vlies_02-768x576.jpg 768w, https:\/\/raumgestaltung-braeuniger.de\/wp-content\/uploads\/Vlies_02-750x562.jpg 750w, https:\/\/raumgestaltung-braeuniger.de\/wp-content\/uploads\/Vlies_02.jpg 1067w\" sizes=\"auto, (max-width: 1024px) 100vw, 1024px\" \/><\/figure>\n\n\n\n<figure class=\"wp-block-image size-large\"><img loading=\"lazy\" decoding=\"async\" width=\"1024\" height=\"768\" src=\"https:\/\/raumgestaltung-braeuniger.de\/wp-content\/uploads\/Vlies_04-1024x768.jpg\" alt=\"\" class=\"wp-image-338\" srcset=\"https:\/\/raumgestaltung-braeuniger.de\/wp-content\/uploads\/Vlies_04-1024x768.jpg 1024w, https:\/\/raumgestaltung-braeuniger.de\/wp-content\/uploads\/Vlies_04-300x225.jpg 300w, https:\/\/raumgestaltung-braeuniger.de\/wp-content\/uploads\/Vlies_04-768x576.jpg 768w, https:\/\/raumgestaltung-braeuniger.de\/wp-content\/uploads\/Vlies_04-750x562.jpg 750w, https:\/\/raumgestaltung-braeuniger.de\/wp-content\/uploads\/Vlies_04.jpg 1067w\" sizes=\"auto, (max-width: 1024px) 100vw, 1024px\" \/><\/figure>\n\n\n\n<figure class=\"wp-block-image size-large\"><img loading=\"lazy\" decoding=\"async\" width=\"768\" height=\"1024\" src=\"https:\/\/raumgestaltung-braeuniger.de\/wp-content\/uploads\/Vlies_03-768x1024.jpg\" alt=\"\" class=\"wp-image-336\" srcset=\"https:\/\/raumgestaltung-braeuniger.de\/wp-content\/uploads\/Vlies_03-768x1024.jpg 768w, https:\/\/raumgestaltung-braeuniger.de\/wp-content\/uploads\/Vlies_03-225x300.jpg 225w, https:\/\/raumgestaltung-braeuniger.de\/wp-content\/uploads\/Vlies_03-750x1000.jpg 750w, https:\/\/raumgestaltung-braeuniger.de\/wp-content\/uploads\/Vlies_03.jpg 800w\" sizes=\"auto, (max-width: 768px) 100vw, 768px\" \/><\/figure>\n","protected":false},"excerpt":{"rendered":"<p>Nicht nur Argonauten trachten danach, auch f\u00fcr geschmackvolle Innenausstattung taugt es. Geradlinigkeit ist eine gute Eigenschaft auch f\u00fcr Tapete. Daf\u00fcr setze ich auch&#8230;<\/p>\n","protected":false},"author":1,"featured_media":330,"comment_status":"open","ping_status":"open","sticky":false,"template":"","format":"standard","meta":{"footnotes":""},"categories":[2],"tags":[],"class_list":["post-341","post","type-post","status-publish","format-standard","has-post-thumbnail","hentry","category-malern-renovieren"],"aioseo_notices":[],"_links":{"self":[{"href":"https:\/\/raumgestaltung-braeuniger.de\/index.php?rest_route=\/wp\/v2\/posts\/341","targetHints":{"allow":["GET"]}}],"collection":[{"href":"https:\/\/raumgestaltung-braeuniger.de\/index.php?rest_route=\/wp\/v2\/posts"}],"about":[{"href":"https:\/\/raumgestaltung-braeuniger.de\/index.php?rest_route=\/wp\/v2\/types\/post"}],"author":[{"embeddable":true,"href":"https:\/\/raumgestaltung-braeuniger.de\/index.php?rest_route=\/wp\/v2\/users\/1"}],"replies":[{"embeddable":true,"href":"https:\/\/raumgestaltung-braeuniger.de\/index.php?rest_route=%2Fwp%2Fv2%2Fcomments&post=341"}],"version-history":[{"count":2,"href":"https:\/\/raumgestaltung-braeuniger.de\/index.php?rest_route=\/wp\/v2\/posts\/341\/revisions"}],"predecessor-version":[{"id":715,"href":"https:\/\/raumgestaltung-braeuniger.de\/index.php?rest_route=\/wp\/v2\/posts\/341\/revisions\/715"}],"wp:featuredmedia":[{"embeddable":true,"href":"https:\/\/raumgestaltung-braeuniger.de\/index.php?rest_route=\/wp\/v2\/media\/330"}],"wp:attachment":[{"href":"https:\/\/raumgestaltung-braeuniger.de\/index.php?rest_route=%2Fwp%2Fv2%2Fmedia&parent=341"}],"wp:term":[{"taxonomy":"category","embeddable":true,"href":"https:\/\/raumgestaltung-braeuniger.de\/index.php?rest_route=%2Fwp%2Fv2%2Fcategories&post=341"},{"taxonomy":"post_tag","embeddable":true,"href":"https:\/\/raumgestaltung-braeuniger.de\/index.php?rest_route=%2Fwp%2Fv2%2Ftags&post=341"}],"curies":[{"name":"wp","href":"https:\/\/api.w.org\/{rel}","templated":true}]}}