{"id":343,"date":"2018-06-25T10:21:18","date_gmt":"2018-06-25T08:21:18","guid":{"rendered":"http:\/\/raumgestaltung-braeuniger.de\/?p=343"},"modified":"2025-09-02T13:10:14","modified_gmt":"2025-09-02T11:10:14","slug":"die-glaeserne-blume-glasvlies-im-blumenladen","status":"publish","type":"post","link":"https:\/\/raumgestaltung-braeuniger.de\/?p=343","title":{"rendered":"Die Gl\u00e4serne Blume &#8211; Glasvlies im Blumenladen"},"content":{"rendered":"<p>Wenn der Untergrund einmal von Bel\u00e4gen\/Anstrichen befreit (und gut grundiert) ist, aber ein bisschen so aussieht wie die Reliefkarte der Hohen Tatra, dann kann man nat\u00fcrlich mehrmals spachteln und schleifen und sich am Schneegest\u00f6ber erfreuen. Oder aber man gleicht den Untergrund etwas mit Spachtelmasse an (+ Voranstrich empfohlen) und verklebt egalisierenden Vlies. Der kann nach Belieben \u00fcberstrichen oder \u00fcberklebt werden, wirkt also wie eine ganzfl\u00e4chige Rissbr\u00fccke.<\/p>\n\n\n<figure class=\"wp-block-image size-large\"><img loading=\"lazy\" decoding=\"async\" width=\"1024\" height=\"768\" src=\"https:\/\/raumgestaltung-braeuniger.de\/wp-content\/uploads\/Blume_01-1024x768.jpg\" alt=\"\" class=\"wp-image-334\" srcset=\"https:\/\/raumgestaltung-braeuniger.de\/wp-content\/uploads\/Blume_01-1024x768.jpg 1024w, https:\/\/raumgestaltung-braeuniger.de\/wp-content\/uploads\/Blume_01-300x225.jpg 300w, https:\/\/raumgestaltung-braeuniger.de\/wp-content\/uploads\/Blume_01-768x576.jpg 768w, https:\/\/raumgestaltung-braeuniger.de\/wp-content\/uploads\/Blume_01-750x562.jpg 750w, https:\/\/raumgestaltung-braeuniger.de\/wp-content\/uploads\/Blume_01.jpg 1067w\" sizes=\"auto, (max-width: 1024px) 100vw, 1024px\" \/><\/figure>\n\n\n\n<figure class=\"wp-block-image size-large\"><img loading=\"lazy\" decoding=\"async\" width=\"1024\" height=\"768\" src=\"https:\/\/raumgestaltung-braeuniger.de\/wp-content\/uploads\/Blume_03-1024x768.jpg\" alt=\"\" class=\"wp-image-335\" srcset=\"https:\/\/raumgestaltung-braeuniger.de\/wp-content\/uploads\/Blume_03-1024x768.jpg 1024w, https:\/\/raumgestaltung-braeuniger.de\/wp-content\/uploads\/Blume_03-300x225.jpg 300w, https:\/\/raumgestaltung-braeuniger.de\/wp-content\/uploads\/Blume_03-768x576.jpg 768w, https:\/\/raumgestaltung-braeuniger.de\/wp-content\/uploads\/Blume_03-750x562.jpg 750w, https:\/\/raumgestaltung-braeuniger.de\/wp-content\/uploads\/Blume_03.jpg 1067w\" sizes=\"auto, (max-width: 1024px) 100vw, 1024px\" \/><\/figure>\n\n\n\n<figure class=\"wp-block-image size-large\"><img loading=\"lazy\" decoding=\"async\" width=\"1024\" height=\"768\" src=\"https:\/\/raumgestaltung-braeuniger.de\/wp-content\/uploads\/Blume_05-1024x768.jpg\" alt=\"\" class=\"wp-image-331\" srcset=\"https:\/\/raumgestaltung-braeuniger.de\/wp-content\/uploads\/Blume_05-1024x768.jpg 1024w, https:\/\/raumgestaltung-braeuniger.de\/wp-content\/uploads\/Blume_05-300x225.jpg 300w, https:\/\/raumgestaltung-braeuniger.de\/wp-content\/uploads\/Blume_05-768x576.jpg 768w, https:\/\/raumgestaltung-braeuniger.de\/wp-content\/uploads\/Blume_05-750x562.jpg 750w, https:\/\/raumgestaltung-braeuniger.de\/wp-content\/uploads\/Blume_05.jpg 1067w\" sizes=\"auto, (max-width: 1024px) 100vw, 1024px\" \/><\/figure>\n\n\n\n<figure class=\"wp-block-image size-large\"><img loading=\"lazy\" decoding=\"async\" width=\"1024\" height=\"768\" src=\"https:\/\/raumgestaltung-braeuniger.de\/wp-content\/uploads\/Blume_07-1024x768.jpg\" alt=\"\" class=\"wp-image-332\" srcset=\"https:\/\/raumgestaltung-braeuniger.de\/wp-content\/uploads\/Blume_07-1024x768.jpg 1024w, https:\/\/raumgestaltung-braeuniger.de\/wp-content\/uploads\/Blume_07-300x225.jpg 300w, https:\/\/raumgestaltung-braeuniger.de\/wp-content\/uploads\/Blume_07-768x576.jpg 768w, https:\/\/raumgestaltung-braeuniger.de\/wp-content\/uploads\/Blume_07-750x562.jpg 750w, https:\/\/raumgestaltung-braeuniger.de\/wp-content\/uploads\/Blume_07.jpg 1067w\" sizes=\"auto, (max-width: 1024px) 100vw, 1024px\" \/><\/figure>\n\n\n\n<figure class=\"wp-block-image size-large\"><img loading=\"lazy\" decoding=\"async\" width=\"1024\" height=\"768\" src=\"https:\/\/raumgestaltung-braeuniger.de\/wp-content\/uploads\/Blume_08-1024x768.jpg\" alt=\"\" class=\"wp-image-333\" srcset=\"https:\/\/raumgestaltung-braeuniger.de\/wp-content\/uploads\/Blume_08-1024x768.jpg 1024w, https:\/\/raumgestaltung-braeuniger.de\/wp-content\/uploads\/Blume_08-300x225.jpg 300w, https:\/\/raumgestaltung-braeuniger.de\/wp-content\/uploads\/Blume_08-768x576.jpg 768w, https:\/\/raumgestaltung-braeuniger.de\/wp-content\/uploads\/Blume_08-750x562.jpg 750w, https:\/\/raumgestaltung-braeuniger.de\/wp-content\/uploads\/Blume_08.jpg 1067w\" sizes=\"auto, (max-width: 1024px) 100vw, 1024px\" \/><\/figure>\n","protected":false},"excerpt":{"rendered":"<p>Wenn der Untergrund einmal von Bel\u00e4gen\/Anstrichen befreit (und gut grundiert) ist, aber ein bisschen so aussieht wie die Reliefkarte der Hohen Tatra, dann&#8230;<\/p>\n","protected":false},"author":1,"featured_media":333,"comment_status":"open","ping_status":"open","sticky":false,"template":"","format":"standard","meta":{"footnotes":""},"categories":[2],"tags":[],"class_list":["post-343","post","type-post","status-publish","format-standard","has-post-thumbnail","hentry","category-malern-renovieren"],"aioseo_notices":[],"_links":{"self":[{"href":"https:\/\/raumgestaltung-braeuniger.de\/index.php?rest_route=\/wp\/v2\/posts\/343","targetHints":{"allow":["GET"]}}],"collection":[{"href":"https:\/\/raumgestaltung-braeuniger.de\/index.php?rest_route=\/wp\/v2\/posts"}],"about":[{"href":"https:\/\/raumgestaltung-braeuniger.de\/index.php?rest_route=\/wp\/v2\/types\/post"}],"author":[{"embeddable":true,"href":"https:\/\/raumgestaltung-braeuniger.de\/index.php?rest_route=\/wp\/v2\/users\/1"}],"replies":[{"embeddable":true,"href":"https:\/\/raumgestaltung-braeuniger.de\/index.php?rest_route=%2Fwp%2Fv2%2Fcomments&post=343"}],"version-history":[{"count":2,"href":"https:\/\/raumgestaltung-braeuniger.de\/index.php?rest_route=\/wp\/v2\/posts\/343\/revisions"}],"predecessor-version":[{"id":717,"href":"https:\/\/raumgestaltung-braeuniger.de\/index.php?rest_route=\/wp\/v2\/posts\/343\/revisions\/717"}],"wp:featuredmedia":[{"embeddable":true,"href":"https:\/\/raumgestaltung-braeuniger.de\/index.php?rest_route=\/wp\/v2\/media\/333"}],"wp:attachment":[{"href":"https:\/\/raumgestaltung-braeuniger.de\/index.php?rest_route=%2Fwp%2Fv2%2Fmedia&parent=343"}],"wp:term":[{"taxonomy":"category","embeddable":true,"href":"https:\/\/raumgestaltung-braeuniger.de\/index.php?rest_route=%2Fwp%2Fv2%2Fcategories&post=343"},{"taxonomy":"post_tag","embeddable":true,"href":"https:\/\/raumgestaltung-braeuniger.de\/index.php?rest_route=%2Fwp%2Fv2%2Ftags&post=343"}],"curies":[{"name":"wp","href":"https:\/\/api.w.org\/{rel}","templated":true}]}}