{"id":510,"date":"2019-03-03T00:35:02","date_gmt":"2019-03-02T23:35:02","guid":{"rendered":"http:\/\/raumgestaltung-braeuniger.de\/?p=510"},"modified":"2025-09-02T13:28:32","modified_gmt":"2025-09-02T11:28:32","slug":"waermebehandlung","status":"publish","type":"post","link":"https:\/\/raumgestaltung-braeuniger.de\/?p=510","title":{"rendered":"W\u00e4rmebehandlung"},"content":{"rendered":"\n<p>Wei\u00df mag sch\u00f6n sein. Es steht f\u00fcr Reinheit. Doch Wohlbehagen wird auch durch Farbe und Farbempfinden bewirkt.<\/p>\n\n\n\n<p>Im Auftrag wurden die Farben gem\u00e4\u00df Erfahrungen und Erinnerungen des Kunden ausgew\u00e4hlt, sogar die Helligkeitsdifferenz konnte wunschgem\u00e4\u00df ber\u00fccksichtigt werden.<\/p>\n\n\n\n<figure class=\"wp-block-image size-large\"><img loading=\"lazy\" decoding=\"async\" width=\"1024\" height=\"768\" src=\"https:\/\/raumgestaltung-braeuniger.de\/wp-content\/uploads\/Waermebehandlung2-1024x768.jpg\" alt=\"\" class=\"wp-image-500\" srcset=\"https:\/\/raumgestaltung-braeuniger.de\/wp-content\/uploads\/Waermebehandlung2-1024x768.jpg 1024w, https:\/\/raumgestaltung-braeuniger.de\/wp-content\/uploads\/Waermebehandlung2-300x225.jpg 300w, https:\/\/raumgestaltung-braeuniger.de\/wp-content\/uploads\/Waermebehandlung2-768x576.jpg 768w, https:\/\/raumgestaltung-braeuniger.de\/wp-content\/uploads\/Waermebehandlung2.jpg 1200w\" sizes=\"auto, (max-width: 1024px) 100vw, 1024px\" \/><\/figure>\n\n\n\n<figure class=\"wp-block-image size-large\"><img loading=\"lazy\" decoding=\"async\" width=\"1024\" height=\"768\" src=\"https:\/\/raumgestaltung-braeuniger.de\/wp-content\/uploads\/Waermebehandlung5-1024x768.jpg\" alt=\"\" class=\"wp-image-503\" srcset=\"https:\/\/raumgestaltung-braeuniger.de\/wp-content\/uploads\/Waermebehandlung5-1024x768.jpg 1024w, https:\/\/raumgestaltung-braeuniger.de\/wp-content\/uploads\/Waermebehandlung5-300x225.jpg 300w, https:\/\/raumgestaltung-braeuniger.de\/wp-content\/uploads\/Waermebehandlung5-768x576.jpg 768w, https:\/\/raumgestaltung-braeuniger.de\/wp-content\/uploads\/Waermebehandlung5.jpg 1200w\" sizes=\"auto, (max-width: 1024px) 100vw, 1024px\" \/><\/figure>\n","protected":false},"excerpt":{"rendered":"<p>Wei\u00df mag sch\u00f6n sein. Es steht f\u00fcr Reinheit. Doch Wohlbehagen wird auch durch Farbe und Farbempfinden bewirkt. Im Auftrag wurden die Farben gem\u00e4\u00df&#8230;<\/p>\n","protected":false},"author":1,"featured_media":503,"comment_status":"open","ping_status":"open","sticky":false,"template":"","format":"standard","meta":{"footnotes":""},"categories":[2],"tags":[],"class_list":["post-510","post","type-post","status-publish","format-standard","has-post-thumbnail","hentry","category-malern-renovieren"],"aioseo_notices":[],"_links":{"self":[{"href":"https:\/\/raumgestaltung-braeuniger.de\/index.php?rest_route=\/wp\/v2\/posts\/510","targetHints":{"allow":["GET"]}}],"collection":[{"href":"https:\/\/raumgestaltung-braeuniger.de\/index.php?rest_route=\/wp\/v2\/posts"}],"about":[{"href":"https:\/\/raumgestaltung-braeuniger.de\/index.php?rest_route=\/wp\/v2\/types\/post"}],"author":[{"embeddable":true,"href":"https:\/\/raumgestaltung-braeuniger.de\/index.php?rest_route=\/wp\/v2\/users\/1"}],"replies":[{"embeddable":true,"href":"https:\/\/raumgestaltung-braeuniger.de\/index.php?rest_route=%2Fwp%2Fv2%2Fcomments&post=510"}],"version-history":[{"count":3,"href":"https:\/\/raumgestaltung-braeuniger.de\/index.php?rest_route=\/wp\/v2\/posts\/510\/revisions"}],"predecessor-version":[{"id":722,"href":"https:\/\/raumgestaltung-braeuniger.de\/index.php?rest_route=\/wp\/v2\/posts\/510\/revisions\/722"}],"wp:featuredmedia":[{"embeddable":true,"href":"https:\/\/raumgestaltung-braeuniger.de\/index.php?rest_route=\/wp\/v2\/media\/503"}],"wp:attachment":[{"href":"https:\/\/raumgestaltung-braeuniger.de\/index.php?rest_route=%2Fwp%2Fv2%2Fmedia&parent=510"}],"wp:term":[{"taxonomy":"category","embeddable":true,"href":"https:\/\/raumgestaltung-braeuniger.de\/index.php?rest_route=%2Fwp%2Fv2%2Fcategories&post=510"},{"taxonomy":"post_tag","embeddable":true,"href":"https:\/\/raumgestaltung-braeuniger.de\/index.php?rest_route=%2Fwp%2Fv2%2Ftags&post=510"}],"curies":[{"name":"wp","href":"https:\/\/api.w.org\/{rel}","templated":true}]}}