{"id":512,"date":"2019-03-03T00:40:03","date_gmt":"2019-03-02T23:40:03","guid":{"rendered":"http:\/\/raumgestaltung-braeuniger.de\/?p=512"},"modified":"2025-09-02T13:36:24","modified_gmt":"2025-09-02T11:36:24","slug":"kontrast","status":"publish","type":"post","link":"https:\/\/raumgestaltung-braeuniger.de\/?p=512","title":{"rendered":"Kontrast"},"content":{"rendered":"\n<p>Bring doch mal Farbe ins Spiel! Es gibt so sch\u00f6ne Nuancen, die in Ton, Helligkeit und Dimension passend zu Raum und Interieur sind.<\/p>\n\n\n\n<p>Der Untergrund ist zu rau(h), um abzukleben? Daf\u00fcr gibt es Malerlineal und Strichzieher-Pinsel.<\/p>\n\n\n\n<p>G\u00fcnstigerweise &#8211; Denkmalschutz &#8211; wurde auch hier Bio-Silikatfarbe verwendet, exzellent in Vertr\u00e4glichkeit und Farbbest\u00e4ndigkeit.<\/p>\n\n\n\n<figure class=\"wp-block-image size-large\"><img loading=\"lazy\" decoding=\"async\" width=\"1024\" height=\"768\" src=\"https:\/\/raumgestaltung-braeuniger.de\/wp-content\/uploads\/Kontrast1-1024x768.jpg\" alt=\"\" class=\"wp-image-504\" srcset=\"https:\/\/raumgestaltung-braeuniger.de\/wp-content\/uploads\/Kontrast1-1024x768.jpg 1024w, https:\/\/raumgestaltung-braeuniger.de\/wp-content\/uploads\/Kontrast1-300x225.jpg 300w, https:\/\/raumgestaltung-braeuniger.de\/wp-content\/uploads\/Kontrast1-768x576.jpg 768w, https:\/\/raumgestaltung-braeuniger.de\/wp-content\/uploads\/Kontrast1.jpg 1200w\" sizes=\"auto, (max-width: 1024px) 100vw, 1024px\" \/><\/figure>\n\n\n\n<figure class=\"wp-block-image size-large\"><img loading=\"lazy\" decoding=\"async\" width=\"1024\" height=\"768\" src=\"https:\/\/raumgestaltung-braeuniger.de\/wp-content\/uploads\/Kontrast4-1024x768.jpg\" alt=\"\" class=\"wp-image-507\" srcset=\"https:\/\/raumgestaltung-braeuniger.de\/wp-content\/uploads\/Kontrast4-1024x768.jpg 1024w, https:\/\/raumgestaltung-braeuniger.de\/wp-content\/uploads\/Kontrast4-300x225.jpg 300w, https:\/\/raumgestaltung-braeuniger.de\/wp-content\/uploads\/Kontrast4-768x576.jpg 768w, https:\/\/raumgestaltung-braeuniger.de\/wp-content\/uploads\/Kontrast4.jpg 1200w\" sizes=\"auto, (max-width: 1024px) 100vw, 1024px\" \/><\/figure>\n\n\n\n<p>Update: Im Februar alles farbig gestaltet, im Juli alles wieder wei\u00df \u00fcbermalt. Schade, dass der Vermieter seine Mieter rausgeekelt hatte.<\/p>\n\n\n\n<p><\/p>\n","protected":false},"excerpt":{"rendered":"<p>Bring doch mal Farbe ins Spiel! Es gibt so sch\u00f6ne Nuancen, die in Ton, Helligkeit und Dimension passend zu Raum und Interieur sind&#8230;.<\/p>\n","protected":false},"author":1,"featured_media":507,"comment_status":"open","ping_status":"open","sticky":false,"template":"","format":"standard","meta":{"footnotes":""},"categories":[2],"tags":[],"class_list":["post-512","post","type-post","status-publish","format-standard","has-post-thumbnail","hentry","category-malern-renovieren"],"aioseo_notices":[],"_links":{"self":[{"href":"https:\/\/raumgestaltung-braeuniger.de\/index.php?rest_route=\/wp\/v2\/posts\/512","targetHints":{"allow":["GET"]}}],"collection":[{"href":"https:\/\/raumgestaltung-braeuniger.de\/index.php?rest_route=\/wp\/v2\/posts"}],"about":[{"href":"https:\/\/raumgestaltung-braeuniger.de\/index.php?rest_route=\/wp\/v2\/types\/post"}],"author":[{"embeddable":true,"href":"https:\/\/raumgestaltung-braeuniger.de\/index.php?rest_route=\/wp\/v2\/users\/1"}],"replies":[{"embeddable":true,"href":"https:\/\/raumgestaltung-braeuniger.de\/index.php?rest_route=%2Fwp%2Fv2%2Fcomments&post=512"}],"version-history":[{"count":4,"href":"https:\/\/raumgestaltung-braeuniger.de\/index.php?rest_route=\/wp\/v2\/posts\/512\/revisions"}],"predecessor-version":[{"id":724,"href":"https:\/\/raumgestaltung-braeuniger.de\/index.php?rest_route=\/wp\/v2\/posts\/512\/revisions\/724"}],"wp:featuredmedia":[{"embeddable":true,"href":"https:\/\/raumgestaltung-braeuniger.de\/index.php?rest_route=\/wp\/v2\/media\/507"}],"wp:attachment":[{"href":"https:\/\/raumgestaltung-braeuniger.de\/index.php?rest_route=%2Fwp%2Fv2%2Fmedia&parent=512"}],"wp:term":[{"taxonomy":"category","embeddable":true,"href":"https:\/\/raumgestaltung-braeuniger.de\/index.php?rest_route=%2Fwp%2Fv2%2Fcategories&post=512"},{"taxonomy":"post_tag","embeddable":true,"href":"https:\/\/raumgestaltung-braeuniger.de\/index.php?rest_route=%2Fwp%2Fv2%2Ftags&post=512"}],"curies":[{"name":"wp","href":"https:\/\/api.w.org\/{rel}","templated":true}]}}