{"id":90,"date":"2017-06-26T14:08:18","date_gmt":"2017-06-26T12:08:18","guid":{"rendered":"http:\/\/raumgestaltung-braeuniger.de\/?p=90"},"modified":"2025-09-02T13:00:26","modified_gmt":"2025-09-02T11:00:26","slug":"wohnung-altbau-7","status":"publish","type":"post","link":"https:\/\/raumgestaltung-braeuniger.de\/?p=90","title":{"rendered":"Wohnung Altbau R.-Leonhardt-Stra\u00dfe"},"content":{"rendered":"<p>Frau Julia Gro\u00df beauftragte mich mit dem Renovieren der DG-Wohnung in der R.-Leonhardt-Stra\u00dfe in Dresden. Vom Vormieter waren malerm\u00e4\u00dfige Unsauberkeiten zu entfernen und insgesamt ein \u00fcbergabefertiger Zustand herzustellen. Die Abnahme erfolgte ohne Beanstandungen.<\/p>\n<p><strong>vorher<\/strong><\/p>\n<figure id=\"attachment_91\" aria-describedby=\"caption-attachment-91\" style=\"width: 1024px\" class=\"wp-caption alignnone\"><img loading=\"lazy\" decoding=\"async\" class=\"wp-image-91 size-large\" src=\"https:\/\/raumgestaltung-braeuniger.de\/wp-content\/uploads\/20170515_111134-e1498478727994-1024x768.jpg\" alt=\"\" width=\"1024\" height=\"768\" srcset=\"https:\/\/raumgestaltung-braeuniger.de\/wp-content\/uploads\/20170515_111134-e1498478727994-1024x768.jpg 1024w, https:\/\/raumgestaltung-braeuniger.de\/wp-content\/uploads\/20170515_111134-e1498478727994-300x225.jpg 300w, https:\/\/raumgestaltung-braeuniger.de\/wp-content\/uploads\/20170515_111134-e1498478727994-768x576.jpg 768w, https:\/\/raumgestaltung-braeuniger.de\/wp-content\/uploads\/20170515_111134-e1498478727994-750x563.jpg 750w\" sizes=\"auto, (max-width: 1024px) 100vw, 1024px\" \/><figcaption id=\"caption-attachment-91\" class=\"wp-caption-text\">gerissene Fugen<\/figcaption><\/figure>\n<figure id=\"attachment_94\" aria-describedby=\"caption-attachment-94\" style=\"width: 768px\" class=\"wp-caption alignnone\"><img loading=\"lazy\" decoding=\"async\" class=\"wp-image-94 size-large\" src=\"https:\/\/raumgestaltung-braeuniger.de\/wp-content\/uploads\/20170515_111805-e1498478742879-768x1024.jpg\" alt=\"\" width=\"768\" height=\"1024\" srcset=\"https:\/\/raumgestaltung-braeuniger.de\/wp-content\/uploads\/20170515_111805-e1498478742879-768x1024.jpg 768w, https:\/\/raumgestaltung-braeuniger.de\/wp-content\/uploads\/20170515_111805-e1498478742879-225x300.jpg 225w, https:\/\/raumgestaltung-braeuniger.de\/wp-content\/uploads\/20170515_111805-e1498478742879-750x1000.jpg 750w\" sizes=\"auto, (max-width: 768px) 100vw, 768px\" \/><figcaption id=\"caption-attachment-94\" class=\"wp-caption-text\">farbverschmierte Lampenfassungen (Reinigung ohne Besch\u00e4digung nicht mehr m\u00f6glich)<\/figcaption><\/figure>\n<figure id=\"attachment_93\" aria-describedby=\"caption-attachment-93\" style=\"width: 1024px\" class=\"wp-caption alignnone\"><img loading=\"lazy\" decoding=\"async\" class=\"wp-image-93 size-large\" src=\"https:\/\/raumgestaltung-braeuniger.de\/wp-content\/uploads\/20170515_111102-1024x768.jpg\" alt=\"\" width=\"1024\" height=\"768\" srcset=\"https:\/\/raumgestaltung-braeuniger.de\/wp-content\/uploads\/20170515_111102-1024x768.jpg 1024w, https:\/\/raumgestaltung-braeuniger.de\/wp-content\/uploads\/20170515_111102-300x225.jpg 300w, https:\/\/raumgestaltung-braeuniger.de\/wp-content\/uploads\/20170515_111102-768x576.jpg 768w, https:\/\/raumgestaltung-braeuniger.de\/wp-content\/uploads\/20170515_111102-750x563.jpg 750w\" sizes=\"auto, (max-width: 1024px) 100vw, 1024px\" \/><figcaption id=\"caption-attachment-93\" class=\"wp-caption-text\">auf Fliesen gestrichene Wandfarbe<\/figcaption><\/figure>\n<figure id=\"attachment_95\" aria-describedby=\"caption-attachment-95\" style=\"width: 768px\" class=\"wp-caption alignnone\"><img loading=\"lazy\" decoding=\"async\" class=\"wp-image-95 size-large\" src=\"https:\/\/raumgestaltung-braeuniger.de\/wp-content\/uploads\/20170515_113053-e1498478755253-768x1024.jpg\" alt=\"\" width=\"768\" height=\"1024\" srcset=\"https:\/\/raumgestaltung-braeuniger.de\/wp-content\/uploads\/20170515_113053-e1498478755253-768x1024.jpg 768w, https:\/\/raumgestaltung-braeuniger.de\/wp-content\/uploads\/20170515_113053-e1498478755253-225x300.jpg 225w, https:\/\/raumgestaltung-braeuniger.de\/wp-content\/uploads\/20170515_113053-e1498478755253-750x1000.jpg 750w\" sizes=\"auto, (max-width: 768px) 100vw, 768px\" \/><figcaption id=\"caption-attachment-95\" class=\"wp-caption-text\">Farbe auf Scheuerleisten, Stufen, Fliesen<\/figcaption><\/figure>\n<p><strong>\u00c4nderungen<\/strong><\/p>\n<figure id=\"attachment_98\" aria-describedby=\"caption-attachment-98\" style=\"width: 1024px\" class=\"wp-caption alignnone\"><img loading=\"lazy\" decoding=\"async\" class=\"wp-image-98 size-large\" src=\"https:\/\/raumgestaltung-braeuniger.de\/wp-content\/uploads\/20170516_083846-e1498478806906-1024x768.jpg\" alt=\"\" width=\"1024\" height=\"768\" srcset=\"https:\/\/raumgestaltung-braeuniger.de\/wp-content\/uploads\/20170516_083846-e1498478806906-1024x768.jpg 1024w, https:\/\/raumgestaltung-braeuniger.de\/wp-content\/uploads\/20170516_083846-e1498478806906-300x225.jpg 300w, https:\/\/raumgestaltung-braeuniger.de\/wp-content\/uploads\/20170516_083846-e1498478806906-768x576.jpg 768w, https:\/\/raumgestaltung-braeuniger.de\/wp-content\/uploads\/20170516_083846-e1498478806906-750x563.jpg 750w\" sizes=\"auto, (max-width: 1024px) 100vw, 1024px\" \/><figcaption id=\"caption-attachment-98\" class=\"wp-caption-text\">Fugen neu abgedichtet, danach Anstrich<\/figcaption><\/figure>\n<figure id=\"attachment_97\" aria-describedby=\"caption-attachment-97\" style=\"width: 1024px\" class=\"wp-caption alignnone\"><img loading=\"lazy\" decoding=\"async\" class=\"wp-image-97 size-large\" src=\"https:\/\/raumgestaltung-braeuniger.de\/wp-content\/uploads\/20170516_084210-e1498478790712-1024x768.jpg\" alt=\"\" width=\"1024\" height=\"768\" srcset=\"https:\/\/raumgestaltung-braeuniger.de\/wp-content\/uploads\/20170516_084210-e1498478790712-1024x768.jpg 1024w, https:\/\/raumgestaltung-braeuniger.de\/wp-content\/uploads\/20170516_084210-e1498478790712-300x225.jpg 300w, https:\/\/raumgestaltung-braeuniger.de\/wp-content\/uploads\/20170516_084210-e1498478790712-768x576.jpg 768w, https:\/\/raumgestaltung-braeuniger.de\/wp-content\/uploads\/20170516_084210-e1498478790712-750x563.jpg 750w\" sizes=\"auto, (max-width: 1024px) 100vw, 1024px\" \/><figcaption id=\"caption-attachment-97\" class=\"wp-caption-text\">Lampenringe abgeschliffen und neu lackiert<\/figcaption><\/figure>\n<figure id=\"attachment_96\" aria-describedby=\"caption-attachment-96\" style=\"width: 768px\" class=\"wp-caption alignnone\"><img loading=\"lazy\" decoding=\"async\" class=\"wp-image-96 size-large\" src=\"https:\/\/raumgestaltung-braeuniger.de\/wp-content\/uploads\/20170516_083913-e1498478773208-768x1024.jpg\" alt=\"\" width=\"768\" height=\"1024\" srcset=\"https:\/\/raumgestaltung-braeuniger.de\/wp-content\/uploads\/20170516_083913-e1498478773208-768x1024.jpg 768w, https:\/\/raumgestaltung-braeuniger.de\/wp-content\/uploads\/20170516_083913-e1498478773208-225x300.jpg 225w, https:\/\/raumgestaltung-braeuniger.de\/wp-content\/uploads\/20170516_083913-e1498478773208-750x1000.jpg 750w\" sizes=\"auto, (max-width: 768px) 100vw, 768px\" \/><figcaption id=\"caption-attachment-96\" class=\"wp-caption-text\">Abdeckung. Gereinigte und sauber neu gezogene Kanten.<\/figcaption><\/figure>\n<p>Schade, dass viele sowas f\u00fcr die nachfolgenden Mieter tun und nicht f\u00fcr sich selbst.^^ Bezahlbar ist es ja.<\/p>\n","protected":false},"excerpt":{"rendered":"<p>Frau Julia Gro\u00df beauftragte mich mit dem Renovieren der DG-Wohnung in der R.-Leonhardt-Stra\u00dfe in Dresden. Vom Vormieter waren malerm\u00e4\u00dfige Unsauberkeiten zu entfernen und&#8230;<\/p>\n","protected":false},"author":1,"featured_media":96,"comment_status":"open","ping_status":"open","sticky":false,"template":"","format":"standard","meta":{"footnotes":""},"categories":[2],"tags":[],"class_list":["post-90","post","type-post","status-publish","format-standard","has-post-thumbnail","hentry","category-malern-renovieren"],"aioseo_notices":[],"_links":{"self":[{"href":"https:\/\/raumgestaltung-braeuniger.de\/index.php?rest_route=\/wp\/v2\/posts\/90","targetHints":{"allow":["GET"]}}],"collection":[{"href":"https:\/\/raumgestaltung-braeuniger.de\/index.php?rest_route=\/wp\/v2\/posts"}],"about":[{"href":"https:\/\/raumgestaltung-braeuniger.de\/index.php?rest_route=\/wp\/v2\/types\/post"}],"author":[{"embeddable":true,"href":"https:\/\/raumgestaltung-braeuniger.de\/index.php?rest_route=\/wp\/v2\/users\/1"}],"replies":[{"embeddable":true,"href":"https:\/\/raumgestaltung-braeuniger.de\/index.php?rest_route=%2Fwp%2Fv2%2Fcomments&post=90"}],"version-history":[{"count":5,"href":"https:\/\/raumgestaltung-braeuniger.de\/index.php?rest_route=\/wp\/v2\/posts\/90\/revisions"}],"predecessor-version":[{"id":709,"href":"https:\/\/raumgestaltung-braeuniger.de\/index.php?rest_route=\/wp\/v2\/posts\/90\/revisions\/709"}],"wp:featuredmedia":[{"embeddable":true,"href":"https:\/\/raumgestaltung-braeuniger.de\/index.php?rest_route=\/wp\/v2\/media\/96"}],"wp:attachment":[{"href":"https:\/\/raumgestaltung-braeuniger.de\/index.php?rest_route=%2Fwp%2Fv2%2Fmedia&parent=90"}],"wp:term":[{"taxonomy":"category","embeddable":true,"href":"https:\/\/raumgestaltung-braeuniger.de\/index.php?rest_route=%2Fwp%2Fv2%2Fcategories&post=90"},{"taxonomy":"post_tag","embeddable":true,"href":"https:\/\/raumgestaltung-braeuniger.de\/index.php?rest_route=%2Fwp%2Fv2%2Ftags&post=90"}],"curies":[{"name":"wp","href":"https:\/\/api.w.org\/{rel}","templated":true}]}}